{"id":16892,"global_id":"guatemalacvb.com\/en\/?id=16892","global_id_lineage":["guatemalacvb.com\/en\/?id=16892"],"author":"77","status":"publish","date":"2023-01-27 14:17:10","date_utc":"2023-01-27 14:17:10","modified":"2023-01-27 14:17:10","modified_utc":"2023-01-27 14:17:10","url":"https:\/\/guatemalacvb.com\/en\/event\/xlviii-exposicion-nacional-de-orquideas\/","rest_url":"https:\/\/guatemalacvb.com\/en\/wp-json\/tribe\/events\/v1\/events\/16892","title":"XLVIII Exposici\u00f3n Nacional de Orqu\u00eddeas","description":"<p>La Asociaci\u00f3n Guatemalteca de Orquideolog\u00eda &#8211; AGO &#8211; te invita a participar en la XLVIII Exposici\u00f3n Nacional de Orqu\u00eddeas que se realizar\u00e1 del 1 al 5 de marzo de 2023 en la C\u00e1mara Guatemalteca de la Construcci\u00f3n.<\/p>\n<p>&nbsp;<\/p>\n<p>Para m\u00e1s informaci\u00f3n b\u00fascalos en su p\u00e1gina de facebook como Asociaci\u00f3n Guatemalteca de Orquideolog\u00eda &#8211; AGO<\/p>\n<p>.<\/p>\n<p>#IndustriaDeReuniones #MeetingsGuatemala #Guatemala<\/p>\n<p>#EventosGuatemala #MeetingsMatter<\/p>","excerpt":"","slug":"xlviii-exposicion-nacional-de-orquideas","image":{"url":"https:\/\/guatemalacvb.com\/wp-content\/uploads\/sites\/46\/2023\/01\/Exposicion-Nacional-de-Orquideas.jpg","id":16893,"extension":"jpg","width":1066,"height":1280,"filesize":125345,"sizes":{"medium":{"width":250,"height":300,"mime-type":"image\/jpeg","filesize":15817,"url":"https:\/\/guatemalacvb.com\/wp-content\/uploads\/sites\/46\/2023\/01\/Exposicion-Nacional-de-Orquideas-250x300.jpg"},"large":{"width":853,"height":1024,"mime-type":"image\/jpeg","filesize":96808,"url":"https:\/\/guatemalacvb.com\/wp-content\/uploads\/sites\/46\/2023\/01\/Exposicion-Nacional-de-Orquideas-853x1024.jpg"},"thumbnail":{"width":150,"height":150,"mime-type":"image\/jpeg","filesize":6558,"url":"https:\/\/guatemalacvb.com\/wp-content\/uploads\/sites\/46\/2023\/01\/Exposicion-Nacional-de-Orquideas-150x150.jpg"},"medium_large":{"width":768,"height":922,"mime-type":"image\/jpeg","filesize":82635,"url":"https:\/\/guatemalacvb.com\/wp-content\/uploads\/sites\/46\/2023\/01\/Exposicion-Nacional-de-Orquideas-768x922.jpg"},"et-pb-post-main-image":{"width":400,"height":250,"mime-type":"image\/jpeg","filesize":18624,"url":"https:\/\/guatemalacvb.com\/wp-content\/uploads\/sites\/46\/2023\/01\/Exposicion-Nacional-de-Orquideas-400x250.jpg"},"et-pb-post-main-image-fullwidth":{"width":1066,"height":675,"mime-type":"image\/jpeg","filesize":89176,"url":"https:\/\/guatemalacvb.com\/wp-content\/uploads\/sites\/46\/2023\/01\/Exposicion-Nacional-de-Orquideas-1066x675.jpg"},"et-pb-portfolio-image":{"width":400,"height":284,"mime-type":"image\/jpeg","filesize":20875,"url":"https:\/\/guatemalacvb.com\/wp-content\/uploads\/sites\/46\/2023\/01\/Exposicion-Nacional-de-Orquideas-400x284.jpg"},"et-pb-portfolio-module-image":{"width":510,"height":382,"mime-type":"image\/jpeg","filesize":30800,"url":"https:\/\/guatemalacvb.com\/wp-content\/uploads\/sites\/46\/2023\/01\/Exposicion-Nacional-de-Orquideas-510x382.jpg"},"et-pb-gallery-module-image-portrait":{"width":400,"height":516,"mime-type":"image\/jpeg","filesize":33969,"url":"https:\/\/guatemalacvb.com\/wp-content\/uploads\/sites\/46\/2023\/01\/Exposicion-Nacional-de-Orquideas-400x516.jpg"},"et-pb-image--responsive--tablet":{"width":980,"height":1177,"mime-type":"image\/jpeg","filesize":121627,"url":"https:\/\/guatemalacvb.com\/wp-content\/uploads\/sites\/46\/2023\/01\/Exposicion-Nacional-de-Orquideas-980x1177.jpg"},"et-pb-image--responsive--phone":{"width":480,"height":576,"mime-type":"image\/jpeg","filesize":40634,"url":"https:\/\/guatemalacvb.com\/wp-content\/uploads\/sites\/46\/2023\/01\/Exposicion-Nacional-de-Orquideas-480x576.jpg"}}},"all_day":true,"start_date":"2023-03-01 00:00:00","start_date_details":{"year":"2023","month":"03","day":"01","hour":"00","minutes":"00","seconds":"00"},"end_date":"2023-03-05 23:59:59","end_date_details":{"year":"2023","month":"03","day":"05","hour":"23","minutes":"59","seconds":"59"},"utc_start_date":"2023-03-01 00:00:00","utc_start_date_details":{"year":"2023","month":"03","day":"01","hour":"00","minutes":"00","seconds":"00"},"utc_end_date":"2023-03-05 23:59:59","utc_end_date_details":{"year":"2023","month":"03","day":"05","hour":"23","minutes":"59","seconds":"59"},"timezone":"UTC+0","timezone_abbr":"UTC+0","cost":"","cost_details":{"currency_symbol":"","currency_code":"","currency_position":"prefix","values":[]},"website":"","show_map":true,"show_map_link":true,"hide_from_listings":false,"sticky":false,"featured":false,"categories":[],"tags":[],"venue":{"id":16896,"author":"77","status":"publish","date":"2023-01-27 14:17:15","date_utc":"2023-01-27 14:17:15","modified":"2023-01-27 14:17:15","modified_utc":"2023-01-27 14:17:15","url":"https:\/\/guatemalacvb.com\/venue\/camara-guatemalteca-de-la-construccion\/","venue":"C\u00e1mara Guatemalteca de la Construcci\u00f3n.","slug":"camara-guatemalteca-de-la-construccion","city":"Guatemala","country":"Guatemala","json_ld":{"@type":"Place","name":"C\u00e1mara Guatemalteca de la Construcci\u00f3n.","description":"","url":"","address":{"@type":"PostalAddress","addressLocality":"Guatemala","addressCountry":"Guatemala"},"telephone":"","sameAs":""},"show_map":true,"show_map_link":true,"global_id":"guatemalacvb.com\/en\/?id=16896","global_id_lineage":["guatemalacvb.com\/en\/?id=16896"]},"organizer":[{"id":16897,"author":"77","status":"publish","date":"2023-01-27 14:17:16","date_utc":"2023-01-27 14:17:16","modified":"2023-01-27 14:17:16","modified_utc":"2023-01-27 14:17:16","url":"https:\/\/guatemalacvb.com\/organizer\/asociacion-guatemalteca-de-orquideologia-ago\/","organizer":"Asociaci\u00f3n Guatemalteca de Orquideolog\u00eda &#8211; AGO","slug":"asociacion-guatemalteca-de-orquideologia-ago","json_ld":{"@type":"Person","name":"Asociaci\u00f3n Guatemalteca de Orquideolog\u00eda &#8211; AGO","description":"","url":"","telephone":"","email":"","sameAs":""},"global_id":"guatemalacvb.com\/en\/?id=16897","global_id_lineage":["guatemalacvb.com\/en\/?id=16897"]}],"custom_fields":[],"json_ld":{"@context":"http:\/\/schema.org","@type":"Event","name":"XLVIII Exposici\u00f3n Nacional de Orqu\u00eddeas","description":"&lt;p&gt;La Asociaci\u00f3n Guatemalteca de Orquideolog\u00eda - AGO - te invita a participar en la XLVIII Exposici\u00f3n Nacional de Orqu\u00eddeas que se realizar\u00e1 del 1 al 5 de marzo de 2023 [&hellip;]&lt;\/p&gt;\\n","image":"https:\/\/guatemalacvb.com\/wp-content\/uploads\/sites\/46\/2023\/01\/Exposicion-Nacional-de-Orquideas.jpg","url":"https:\/\/guatemalacvb.com\/en\/event\/xlviii-exposicion-nacional-de-orquideas\/","eventAttendanceMode":"https:\/\/schema.org\/OfflineEventAttendanceMode","eventStatus":"https:\/\/schema.org\/EventScheduled","startDate":"2023-03-01T00:00:00+00:00","endDate":"2023-03-05T23:59:59+00:00","location":{"@type":"Place","name":"C\u00e1mara Guatemalteca de la Construcci\u00f3n.","description":"","url":"","address":{"@type":"PostalAddress","addressLocality":"Guatemala","addressCountry":"Guatemala"},"telephone":"","sameAs":""},"organizer":{"@type":"Person","name":"Asociaci\u00f3n Guatemalteca de Orquideolog\u00eda &#8211; AGO","description":"","url":"","telephone":"","email":"","sameAs":""},"performer":"Organization"}}