{"id":17761,"global_id":"guatemalacvb.com\/en\/?id=17761","global_id_lineage":["guatemalacvb.com\/en\/?id=17761"],"author":"77","status":"publish","date":"2024-07-05 10:52:16","date_utc":"2024-07-05 16:52:16","modified":"2024-07-05 10:52:16","modified_utc":"2024-07-05 16:52:16","url":"https:\/\/guatemalacvb.com\/en\/event\/xxx-congreso-de-la-academia-iberoamericana-de-neurologia-pediatrica\/","rest_url":"https:\/\/guatemalacvb.com\/en\/wp-json\/tribe\/events\/v1\/events\/17761","title":"XXX Congreso de la Academia Iberoamericana de Neurolog\u00eda Pedi\u00e1trica","description":"<p style=\"font-weight: 400\">Asiste al XXX Congreso de la Academia Iberoamericana de Neurolog\u00eda Pedi\u00e1trica<\/p>\n<p style=\"font-weight: 400\">Descubre las \u00faltimas investigaciones, conecta con expertos en el campo y aprende en los emocionantes talleres interactivos.<\/p>\n<p style=\"font-weight: 400\">Del 25 al 28 de septiembre en el\u00a0Hotel Westin Camino Real<\/p>\n<p style=\"font-weight: 400\">Reg\u00edstrate aqu\u00ed:\u00a0\u00a0<a href=\"https:\/\/congresoneurologiap.cautiva.com.mx\/registro\/?fbclid=IwZXh0bgNhZW0CMTAAAR0FD2F6brPT7H3W78Ez_WADRKaBxvDQh-iNvO4dl0i-PJunx2VC7o7iWPU_aem_ixSTwbENT8NmbXd9Z75OpQ\" data-saferedirecturl=\"https:\/\/www.google.com\/url?q=https:\/\/congresoneurologiap.cautiva.com.mx\/registro\/?fbclid%3DIwZXh0bgNhZW0CMTAAAR0FD2F6brPT7H3W78Ez_WADRKaBxvDQh-iNvO4dl0i-PJunx2VC7o7iWPU_aem_ixSTwbENT8NmbXd9Z75OpQ&amp;source=gmail&amp;ust=1720243842753000&amp;usg=AOvVaw1inVEL2pfUipLilJf-ZSJm\">https:\/\/congresoneurologiap.cautiva.com.mx\/registro\/<\/a><\/p>\n<p style=\"font-weight: 400\">M\u00e1s informaci\u00f3n: (502) 5466 5055 &#8211;\u00a0<a href=\"mailto:asociacionguatemaltecadeneurol@gmail.com\">asociacionguatemaltecadeneurol@gmail.com<\/a><\/p>","excerpt":"","slug":"xxx-congreso-de-la-academia-iberoamericana-de-neurologia-pediatrica","image":{"url":"https:\/\/guatemalacvb.com\/wp-content\/uploads\/sites\/46\/2024\/07\/Congreso-Neurologia-1.jpg","id":17764,"extension":"jpg","width":526,"height":526,"filesize":47367,"sizes":{"medium":{"width":300,"height":300,"mime-type":"image\/jpeg","filesize":23770,"url":"https:\/\/guatemalacvb.com\/wp-content\/uploads\/sites\/46\/2024\/07\/Congreso-Neurologia-1-300x300.jpg"},"thumbnail":{"width":150,"height":150,"mime-type":"image\/jpeg","filesize":8291,"url":"https:\/\/guatemalacvb.com\/wp-content\/uploads\/sites\/46\/2024\/07\/Congreso-Neurologia-1-150x150.jpg"},"et-pb-post-main-image":{"width":400,"height":250,"mime-type":"image\/jpeg","filesize":23821,"url":"https:\/\/guatemalacvb.com\/wp-content\/uploads\/sites\/46\/2024\/07\/Congreso-Neurologia-1-400x250.jpg"},"et-pb-portfolio-image":{"width":400,"height":284,"mime-type":"image\/jpeg","filesize":26596,"url":"https:\/\/guatemalacvb.com\/wp-content\/uploads\/sites\/46\/2024\/07\/Congreso-Neurologia-1-400x284.jpg"},"et-pb-portfolio-module-image":{"width":510,"height":382,"mime-type":"image\/jpeg","filesize":40360,"url":"https:\/\/guatemalacvb.com\/wp-content\/uploads\/sites\/46\/2024\/07\/Congreso-Neurologia-1-510x382.jpg"},"et-pb-gallery-module-image-portrait":{"width":400,"height":516,"mime-type":"image\/jpeg","filesize":46494,"url":"https:\/\/guatemalacvb.com\/wp-content\/uploads\/sites\/46\/2024\/07\/Congreso-Neurologia-1-400x516.jpg"},"et-pb-image--responsive--phone":{"width":480,"height":480,"mime-type":"image\/jpeg","filesize":47461,"url":"https:\/\/guatemalacvb.com\/wp-content\/uploads\/sites\/46\/2024\/07\/Congreso-Neurologia-1-480x480.jpg"}}},"all_day":true,"start_date":"2024-09-25 00:00:00","start_date_details":{"year":"2024","month":"09","day":"25","hour":"00","minutes":"00","seconds":"00"},"end_date":"2024-09-28 23:59:59","end_date_details":{"year":"2024","month":"09","day":"28","hour":"23","minutes":"59","seconds":"59"},"utc_start_date":"2024-09-25 06:00:00","utc_start_date_details":{"year":"2024","month":"09","day":"25","hour":"06","minutes":"00","seconds":"00"},"utc_end_date":"2024-09-29 05:59:59","utc_end_date_details":{"year":"2024","month":"09","day":"29","hour":"05","minutes":"59","seconds":"59"},"timezone":"America\/Guatemala","timezone_abbr":"CST","cost":"","cost_details":{"currency_symbol":"$","currency_code":"USD","currency_position":"prefix","values":[]},"website":"","show_map":true,"show_map_link":true,"hide_from_listings":false,"sticky":false,"featured":false,"categories":[],"tags":[],"venue":[],"organizer":[],"custom_fields":[],"json_ld":{"@context":"http:\/\/schema.org","@type":"Event","name":"XXX Congreso de la Academia Iberoamericana de Neurolog\u00eda Pedi\u00e1trica","description":"&lt;p&gt;Asiste al XXX Congreso de la Academia Iberoamericana de Neurolog\u00eda Pedi\u00e1trica Descubre las \u00faltimas investigaciones, conecta con expertos en el campo y aprende en los emocionantes talleres interactivos. Del 25 [&hellip;]&lt;\/p&gt;\\n","image":"https:\/\/guatemalacvb.com\/wp-content\/uploads\/sites\/46\/2024\/07\/Congreso-Neurologia-1.jpg","url":"https:\/\/guatemalacvb.com\/en\/event\/xxx-congreso-de-la-academia-iberoamericana-de-neurologia-pediatrica\/","eventAttendanceMode":"https:\/\/schema.org\/OfflineEventAttendanceMode","eventStatus":"https:\/\/schema.org\/EventScheduled","startDate":"2024-09-25T00:00:00-06:00","endDate":"2024-09-28T23:59:59-06:00","performer":"Organization"}}